{"id":127,"date":"2013-01-16T15:34:21","date_gmt":"2013-01-16T15:34:21","guid":{"rendered":"http:\/\/www.gunther-neumann.com\/?p=127"},"modified":"2015-04-06T10:03:13","modified_gmt":"2015-04-06T10:03:13","slug":"cecile-wajsbrot-die-koepfe-der-hydra","status":"publish","type":"post","link":"https:\/\/www.gunther-neumann.com\/?p=127","title":{"rendered":"C\u00e9cile Wajsbrot: Die K\u00f6pfe der Hydra"},"content":{"rendered":"<p>Erinnern, Vergessen:\u00a0\u00a0\u00a0\u00a0\u00a0\u00a0\u00a0\u00a0\u00a0\u00a0\u00a0\u00a0\u00a0\u00a0\u00a0\u00a0\u00a0\u00a0\u00a0\u00a0 Gift und Gegengift<\/p>\n<h3>C\u00e9cile Wajsbrot:\u00a0\u00a0\u00a0\u00a0\u00a0\u00a0\u00a0\u00a0\u00a0\u00a0\u00a0\u00a0\u00a0\u00a0\u00a0\u00a0 Die K\u00f6pfe der Hydra<\/h3>\n<p>Wiener Zeitung, J\u00e4nner 2013<\/p>\n<p><!--more--><\/p>\n<p id=\"absatz1\">Der Verlust von Autonomie und Sprache, das Verl\u00f6schen der Erinnerung: Was bleibt in der fortschreitenden D\u00e4mmerung vor der Nacht von dem, was uns zum Menschen macht? Literatur und Film versuchen, dem Angstthema Demenz sch\u00f6pferisch beizukommen: &#8222;Eine Geschichte&#8220; ist die vage Genrebezeichnung der &#8222;K\u00f6pfe der Hydra&#8220; von C\u00e9cile Wajsbrot.<\/p>\n<p>Es ist ein autobiographischer Text: ihre eigene Geschichte, die ihres Vaters, und weist doch weit dar\u00fcber hinaus. Sie handelt von Migration und Nicht-Zugeh\u00f6rigkeit der Autorin als Tochter polnisch-j\u00fcdischer Eltern, vom Schweigen zwischen den Generationen, von der Last des Erinnerns und der ungewissen Erleichterung durch Vergessen.<\/p>\n<p><img decoding=\"async\" loading=\"lazy\" class=\"alignright  wp-image-794\" src=\"https:\/\/www.gunther-neumann.com\/wp-content\/uploads\/2013\/01\/DSC03662-1024x768.jpg\" alt=\"DSC03662\" width=\"576\" height=\"432\" srcset=\"https:\/\/www.gunther-neumann.com\/wp-content\/uploads\/2013\/01\/DSC03662-1024x768.jpg 1024w, https:\/\/www.gunther-neumann.com\/wp-content\/uploads\/2013\/01\/DSC03662-300x225.jpg 300w, https:\/\/www.gunther-neumann.com\/wp-content\/uploads\/2013\/01\/DSC03662.jpg 2048w\" sizes=\"(max-width: 576px) 100vw, 576px\" \/>Wajsbrot schiebt weder voyeuristisch ihren betroffenen Vater noch die Krankheit nach vorne, um einen literarischen Mehrwert abzusch\u00f6pfen. Es ist ein pers\u00f6nliches Journal, nicht zur Herausgabe bestimmt. Es dekliniert die Anstrengung, die Angst vor dem, was auf den Vater zukommt, auch auf die von Wahnvorstellungen heimgesuchte Tante, und nicht zuletzt auf die Autorin selbst.<\/p>\n<p>Das Journal enth\u00fcllt ihre eigene Hilflosigkeit, Wut, Ersch\u00f6pfung und Trauer, ohne je narzisstisch um ihre B\u00fcrde zu kreisen. Es beinhaltet mehr Beobachtungen und Fragen als Schl\u00fcsse.<\/p>\n<p>Ein Dutzend B\u00fccher hat Wajsbrot, die in Paris und Berlin lebt, bisher geschrieben. Ihre Sprache ist musikalisch, manchmal tastend, selten ein gehetztes Stakkato, dabei durchwegs tief und dennoch so unpathetisch wie leicht lesbar. Schreiben ist f\u00fcr die herausragende Autorin Gift und Gegengift zugleich, die Literatur Erinnerungsarbeit und Anker.<\/p>\n<p>Es ist ein riskanter Tauchgang in die famili\u00e4re Vergangenheit wie auch in jene Frankreichs, das lange der R\u00e9sistance als einem Pfeiler nationaler Identit\u00e4t gehuldigt und seine Verstrickung in den Holocaust geleugnet hat. Und wo nun polnische Arbeitsmi- grantinnen Wajsbrots Vater pflegen, der als Junge dem Antisemitismus in Polen entflohen war: als ob sich auch so ein Kreis auf paradoxe Weise schlie\u00dfen w\u00fcrde.<\/p>\n<p>&#8222;Man kann nicht sein eigenes Leben und das der Eltern noch dazu leben&#8220;, sagt Wajsbrot im Gespr\u00e4ch. Auch vom Kampf gegen die Einfl\u00fcsse der Familie (der das Bild der vielk\u00f6pfigenHydra\u00a0gilt) handelt diese &#8222;Geschichte&#8220;.<\/p>\n<p><img decoding=\"async\" class=\"bookview\" title=\"Cover Die K\u00f6pfe der Hydra\" src=\"http:\/\/www.matthes-seitz-berlin.de\/fs\/buch\/cover\/000484.big.jpg\" alt=\"Cover Die K\u00f6pfe der Hydra\" \/><\/p>\n","protected":false},"excerpt":{"rendered":"<p>Erinnern, Vergessen:\u00a0\u00a0\u00a0\u00a0\u00a0\u00a0\u00a0\u00a0\u00a0\u00a0\u00a0\u00a0\u00a0\u00a0\u00a0\u00a0\u00a0\u00a0\u00a0\u00a0 Gift und Gegengift C\u00e9cile Wajsbrot:\u00a0\u00a0\u00a0\u00a0\u00a0\u00a0\u00a0\u00a0\u00a0\u00a0\u00a0\u00a0\u00a0\u00a0\u00a0\u00a0 Die K\u00f6pfe der Hydra Wiener Zeitung, J\u00e4nner 2013<\/p>\n","protected":false},"author":2,"featured_media":0,"comment_status":"closed","ping_status":"open","sticky":false,"template":"","format":"standard","meta":[],"categories":[2],"tags":[],"_links":{"self":[{"href":"https:\/\/www.gunther-neumann.com\/index.php?rest_route=\/wp\/v2\/posts\/127"}],"collection":[{"href":"https:\/\/www.gunther-neumann.com\/index.php?rest_route=\/wp\/v2\/posts"}],"about":[{"href":"https:\/\/www.gunther-neumann.com\/index.php?rest_route=\/wp\/v2\/types\/post"}],"author":[{"embeddable":true,"href":"https:\/\/www.gunther-neumann.com\/index.php?rest_route=\/wp\/v2\/users\/2"}],"replies":[{"embeddable":true,"href":"https:\/\/www.gunther-neumann.com\/index.php?rest_route=%2Fwp%2Fv2%2Fcomments&post=127"}],"version-history":[{"count":12,"href":"https:\/\/www.gunther-neumann.com\/index.php?rest_route=\/wp\/v2\/posts\/127\/revisions"}],"predecessor-version":[{"id":1192,"href":"https:\/\/www.gunther-neumann.com\/index.php?rest_route=\/wp\/v2\/posts\/127\/revisions\/1192"}],"wp:attachment":[{"href":"https:\/\/www.gunther-neumann.com\/index.php?rest_route=%2Fwp%2Fv2%2Fmedia&parent=127"}],"wp:term":[{"taxonomy":"category","embeddable":true,"href":"https:\/\/www.gunther-neumann.com\/index.php?rest_route=%2Fwp%2Fv2%2Fcategories&post=127"},{"taxonomy":"post_tag","embeddable":true,"href":"https:\/\/www.gunther-neumann.com\/index.php?rest_route=%2Fwp%2Fv2%2Ftags&post=127"}],"curies":[{"name":"wp","href":"https:\/\/api.w.org\/{rel}","templated":true}]}}