{"id":1890,"date":"2018-07-04T15:54:49","date_gmt":"2018-07-04T15:54:49","guid":{"rendered":"http:\/\/www.gunther-neumann.com\/?p=1890"},"modified":"2019-02-21T16:36:16","modified_gmt":"2019-02-21T16:36:16","slug":"annett-krendlesberger-zwei-blatt-und-zwei","status":"publish","type":"post","link":"https:\/\/www.gunther-neumann.com\/?p=1890","title":{"rendered":"Annett Krendlesberger, Zwei Blatt und zwei"},"content":{"rendered":"<p>Annett Krendlesbergers sprachliche Nachtgewitter<\/p>\n<h3>Aufgerissene Seelenlandschaften<\/h3>\n<p>Der Prosaband &#8222;Zwei Blatt und zwei&#8220;<\/p>\n<p>Wiener Zeitung<\/p>\n<p>August 2018<!--more--><\/p>\n<p>Ferragosto: Mitten im Hochsommer fliegt, ja flieht eine Frau von Wien nach Rom in die leere Wohnung einer italienischen Freundin. &#8222;Zwei Blatt und zwei&#8220; &#8211; schlicht &#8222;Prosa&#8220;, nicht Roman genannt &#8211; sind verwobene Szenen und w\u00fctende Wehklagen \u00fcber den Verlust einer in bruchst\u00fcckhaften, scharfkantigen Bildern aufgerollten Beziehung.<\/p>\n<p>Im Dschungel ihrer Wahrnehmungen ergreifen grimmige Gef\u00fchle von der Ich-Erz\u00e4hlerin Besitz, und st\u00fcrzen mit ungebremster Wucht auf den Leser ein. Die Protagonistin nimmt eine rundum akzeptierte Normalit\u00e4t als unertr\u00e4glichen Wahnsinn wahr, die empfundene Macht von M\u00e4nnern und Ohnmacht von Frauen &#8211; und deren manchmal anbiederndes Mitl\u00e4ufertum, von dem sie geradezu k\u00f6rperlich angewidert ist.<\/p>\n<p>Umgekehrt erlebt sie das Gedachte, Bef\u00fcrchtete real. In radikal subjektiven Betrachtungen schont sie nichts und niemanden. Ihre widerborstige Au\u00dfensicht ist zugleich die Innensicht auf aufgerissene Landschaften einer verletzten Seele, die ihre Bitterkeit weniger aus sich heraus als in sich hinein schreit und den Leser in eine umfassende Beklommenheit zieht. Im sprachlichen Furor geraten andere Figuren notgedrungen grobk\u00f6rnig.<\/p>\n<p>Z\u00f6gernd ger\u00e4t man in den Sog brodelnder, dann eruptiver literarischer Tiraden mit gelungenen Gleichnissen wie &#8222;Und schon rei\u00dft Dutyfree sein cremiges Maul auf&#8220; oder &#8222;Mir zerflie\u00dfen Eisw\u00fcrfel im Kragen&#8220;. Die F\u00fclle an Bildern, Gedankensplittern, Nominals\u00e4tzen, R\u00fcckblenden, Zeitspr\u00fcngen und Ortswechseln verlangt Konzentration. In provokanter, nicht gegl\u00e4tteter Sprachgewalt mit \u00f6sterreichisch-dialektalen und italienischen Einsprengseln gew\u00e4hrt die Erz\u00e4hlstimme keine Atempause.<br \/>\nDass in der &#8222;Bibliothek der Provinz&#8220; ver\u00f6ffentlichte Literatur gar nicht provinziell ist, beweist der Waldviertler Verlag \u00f6fters, zuletzt etwa mit Bodo Hells &#8222;Kunstschrift&#8220; oder Isabella Breiers &#8222;DesertLotusNest&#8220;. Annett Krendlesbergers lodernde &#8222;Zwei Blatt und zwei&#8220; sind keine flockig-leichte Sommerlekt\u00fcre, sondern eine Abfolge von sprachlichen Nachtgewittern, deren Blitze jeden Augenblick neue Bilder aufflammen lassen.<\/p>\n<p>&#8212;&#8212;&#8212;&#8212;&#8212;<\/p>\n<p>Annett Krendlesberger<br \/>\nZwei Blatt und zwei<br \/>\nProsa. Verlag Bibliothek der Provinz, Weitra 2018, 144 Seiten<\/p>\n<p>&#8212;&#8212;&#8212;&#8212;&#8212;&#8212;&#8212;&#8211;<\/p>\n<p>Isabella Breier<br \/>\nDesertLotusNest, Anmerkungen zur Poetik des Ph\u00f6nix<br \/>\nProsa. Verlag Bibliothek der Provinz, Weitra 2017, 530 Seiten<\/p>\n<p>&nbsp;<\/p>\n","protected":false},"excerpt":{"rendered":"<p>Annett Krendlesbergers sprachliche Nachtgewitter Aufgerissene Seelenlandschaften Der Prosaband &#8222;Zwei Blatt und zwei&#8220; Wiener Zeitung August 2018<\/p>\n","protected":false},"author":1,"featured_media":0,"comment_status":"closed","ping_status":"open","sticky":false,"template":"","format":"standard","meta":[],"categories":[2],"tags":[],"_links":{"self":[{"href":"https:\/\/www.gunther-neumann.com\/index.php?rest_route=\/wp\/v2\/posts\/1890"}],"collection":[{"href":"https:\/\/www.gunther-neumann.com\/index.php?rest_route=\/wp\/v2\/posts"}],"about":[{"href":"https:\/\/www.gunther-neumann.com\/index.php?rest_route=\/wp\/v2\/types\/post"}],"author":[{"embeddable":true,"href":"https:\/\/www.gunther-neumann.com\/index.php?rest_route=\/wp\/v2\/users\/1"}],"replies":[{"embeddable":true,"href":"https:\/\/www.gunther-neumann.com\/index.php?rest_route=%2Fwp%2Fv2%2Fcomments&post=1890"}],"version-history":[{"count":2,"href":"https:\/\/www.gunther-neumann.com\/index.php?rest_route=\/wp\/v2\/posts\/1890\/revisions"}],"predecessor-version":[{"id":1899,"href":"https:\/\/www.gunther-neumann.com\/index.php?rest_route=\/wp\/v2\/posts\/1890\/revisions\/1899"}],"wp:attachment":[{"href":"https:\/\/www.gunther-neumann.com\/index.php?rest_route=%2Fwp%2Fv2%2Fmedia&parent=1890"}],"wp:term":[{"taxonomy":"category","embeddable":true,"href":"https:\/\/www.gunther-neumann.com\/index.php?rest_route=%2Fwp%2Fv2%2Fcategories&post=1890"},{"taxonomy":"post_tag","embeddable":true,"href":"https:\/\/www.gunther-neumann.com\/index.php?rest_route=%2Fwp%2Fv2%2Ftags&post=1890"}],"curies":[{"name":"wp","href":"https:\/\/api.w.org\/{rel}","templated":true}]}}