{"id":1968,"date":"2025-12-24T01:01:00","date_gmt":"2025-12-24T01:01:00","guid":{"rendered":"http:\/\/www.gunther-neumann.com\/?p=1968"},"modified":"2025-12-23T22:53:17","modified_gmt":"2025-12-23T22:53:17","slug":"ueber-allem-und-nichts","status":"publish","type":"post","link":"https:\/\/www.gunther-neumann.com\/?p=1968","title":{"rendered":""},"content":{"rendered":"\n<p><\/p>\n\n\n<p>Residenz Verlag<\/p>\n<h3>\u00dcber allem und nichts<\/h3>\n<p><strong>Roman <\/strong><\/p>\n<h4>\u00a0<\/h4>\n<p><strong>\u00a0<\/strong>Rezensionen<\/p>\n<p>Medienstimmen<\/p>\n<p>Interviews<\/p>\n<p><a href=\"https:\/\/www.gunther-neumann.com\/?attachment_id=2063\" rel=\"attachment wp-att-2063\"><img decoding=\"async\" loading=\"lazy\" class=\"alignleft  wp-image-2063\" src=\"https:\/\/www.gunther-neumann.com\/wp-content\/uploads\/2019\/11\/\u00dcber-allem-und-nichts-1024x768.jpg\" alt=\"\" width=\"247\" height=\"330\" \/><\/a><!--more--><\/p>\n<p><a href=\"https:\/\/www.residenzverlag.com\/buch\/uber-allem-und-nichts\">https:\/\/www.residenzverlag.com\/buch\/uber-allem-und-nichts<\/a><\/p>\n<p><a href=\"https:\/\/www.buchreport.de\/news\/gunther-neumann-ueber-ueber-allem-und-nichts\/\">https:\/\/www.buchreport.de\/news\/gunther-neumann-ueber-ueber-allem-und-nichts\/<\/a><\/p>\n<p><a href=\"http:\/\/oesterreichischer-buchpreis.at\/shortlist-debuet-2020\/\">http:\/\/oesterreichischer-buchpreis.at\/shortlist-debuet-2020\/<\/a><\/p>\n<p><a href=\"https:\/\/www.facebook.com\/ORF2\/videos\/3265525640212223\/\">https:\/\/www.facebook.com\/ORF2\/videos\/3265525640212223\/<\/a><\/p>\n<p><a href=\"_wp_link_placeholder\" data-wplink-edit=\"true\">file:\/\/\/C:\/Users\/gunth\/Downloads\/above-all-and-nothing.pdf<\/a><\/p>\n<p>.<\/p>\n<p>.<\/p>\n<p>.<\/p>\n<p><strong>PRESSESTIMMEN<\/strong><\/p>\n<p>.<\/p>\n<p>Gunther Neumann beweist beachtliches psychologisches Feingef\u00fchl &#8230; nicht nur die Geschichte einer weiblichen Individuation \u2013 man k\u00f6nnte sie auch als D\u00e4monenaustreibung beschreiben. Er hat auch einen atmosph\u00e4risch dichten Sri-Lanka-Roman vorgelegt. Kann ein Mann empathisch und glaubhaft \u00fcber den existenziellen Transformationsprozess einer Frau schreiben? Gunther Neumann kann es. Sein Roman \u00fcberzeugt nicht nur sprachlich und dramaturgisch, sondern auch in psychologischer Hinsicht. Ein beachtliches Deb\u00fct.<br \/>[Quelle: <em>G\u00fcnter Kaindlstorfer, Ex-Libris, ORF \u00d61<\/em>]\u00a0 Audio:<\/p>\n<!--[if lt IE 9]><script>document.createElement('audio');<\/script><![endif]-->\n<audio class=\"wp-audio-shortcode\" id=\"audio-1968-1\" preload=\"none\" style=\"width: 100%;\" controls=\"controls\"><source type=\"audio\/mpeg\" src=\"https:\/\/www.gunther-neumann.com\/wp-content\/uploads\/2019\/11\/Gunther-Neumann-Ex-Libris.mp3?_=1\" \/><a href=\"https:\/\/www.gunther-neumann.com\/wp-content\/uploads\/2019\/11\/Gunther-Neumann-Ex-Libris.mp3\">https:\/\/www.gunther-neumann.com\/wp-content\/uploads\/2019\/11\/Gunther-Neumann-Ex-Libris.mp3<\/a><\/audio>\n<p>.<\/p>\n<p>Buch der Stunde: Von einem Leben in der Warteschleife. Stilistisch ist der Text fast schon zu gut, zu \u00fcberreif f\u00fcr ein Deb\u00fct. Kein Wunder: Neumann war in leitenden Funktionen f\u00fcr die OSZE, EU, UNO und NGOs sowie als Auslandskorrespondent t\u00e4tig, kennt dadurch halb Asien, Afrika und Lateinamerika&#8230; Aus all diesen Erfahrungen sch\u00f6pft das Buch. Neumann b\u00fcndelt sie zu dichter, satter Prosa und findet die richtigen Worte f\u00fcr Claras Rastlosigkeit \u2013 eine moderne Krankheit, von der wir letztlich alle befallen sind.<br \/>[Quelle: <em>Sebastian Fasthuber, FALTER &amp; O-T\u00f6ne 2020<\/em>] <a href=\"https:\/\/shop.falter.at\/detail\/9783701717262\">https:\/\/shop.falter.at\/detail\/9783701717262<\/a><\/p>\n<p>.<\/p>\n<p>In einer Welt ohne Zeitgef\u00fchl: Der Roman h\u00e4lt konsequent die Balance zwischen den Extremen, zwischen Technik und Natur, weiblichem und m\u00e4nnlichem Bewu\u00dftsein, verwirft weder das eine noch das andere, baut aus Zwischent\u00f6nen neue Wege und l\u00e4\u00dft manches in seiner Unaufl\u00f6sbarkeit stehen&#8230; vom B\u00fcrkerkrieg versehrt &#8230;. Magie &#8230; wunderbare Binnengeschichten &#8230; D\u00e4monen ihrer Kindheit &#8230; vom Trauma sexuellen Missbrauchs, der ein ganzes Leben \u00fcberschattet&#8230;. eine mit Bravour gemeisterte Liebesgeschichte aus weiblicher Perspektive &#8230; Fast wie nebenbei erz\u00e4hlt Gunther Neumann die Geschichte Nachkriegsdeutschlands, und stellt die Frage nach der Tragf\u00e4higkeit eines Zugeh\u00f6rigkeitsgef\u00fchls. [Quelle: <em>Anna Mitgutsch, Die Presse<\/em>]\u00a0 <!--more--><a href=\"https:\/\/www.gunther-neumann.com\/wp-content\/uploads\/2019\/11\/\u00dcber-allem-Anna-Mitgutsch.pdf\">\u00dcber allem &#8211; Anna Mitgutsch<\/a><\/p>\n<p>.<\/p>\n<p>\u2026eine Art intuitive Voraussicht, ein \u00dcberblick und Weitblick, der gute Romane zeitlos macht. Nur kurz vor Ausbruch der Corona-Pandemie erschienen, kann er durchaus als eine Parabel auf die Covid-Krise verstanden werden&#8230;. die gnadenlose Beschleunigung weicht einem gespenstischen Stillstand.<br \/>[Quelle: <em>Dagmara Dzierzan, ARD B5<\/em> ] Audiofile:<\/p>\n<audio class=\"wp-audio-shortcode\" id=\"audio-1968-2\" preload=\"none\" style=\"width: 100%;\" controls=\"controls\"><source type=\"audio\/mpeg\" src=\"https:\/\/www.gunther-neumann.com\/wp-content\/uploads\/2021\/10\/Buchrezensionen-IKM-19.4.-Lang-f\u00fcr-Audio-1-online-audio-converter.com_.mp3?_=2\" \/><a href=\"https:\/\/www.gunther-neumann.com\/wp-content\/uploads\/2021\/10\/Buchrezensionen-IKM-19.4.-Lang-f\u00fcr-Audio-1-online-audio-converter.com_.mp3\">https:\/\/www.gunther-neumann.com\/wp-content\/uploads\/2021\/10\/Buchrezensionen-IKM-19.4.-Lang-f\u00fcr-Audio-1-online-audio-converter.com_.mp3<\/a><\/audio>\n<p>.<\/p>\n<p>\u00dcber allem und nichts ist ein vielschichtiger Roman, der mit viel psychologischem Gesp\u00fcr des Autors die bewegende Lebensgeschichte der Pilotin ausbreitet. Er macht deutlich, wie hoch der Preis sein kann im Ringen um weibliche Selbstbestimmung.<br \/>[Quelle: <em>Imogena Doderer, ORF 2, ZIB &amp; Kulturmontag<\/em>]<\/p>\n<p class=\"wpview-selection-before\">Als ob er es geahnt h\u00e4tte: In seinem Debut-Roman \u201e\u00dcber allem und nichts\u201c bringt der in Linz geborene Autor Gunther Neumann am Beispiel einer Mittdrei\u00dfigerin zur Sprache, was uns besonders in diesen Tagen bewegt. Es geht um Reset und Neustart. Mit ihm gelang Gunther Neumann der Sprung auf die Shortlist zum Deb\u00fctpreis 2020 des \u00d6sterreichischen Buchpreises. [Quelle: <em>Judith Raab, ORF Oe1 &amp; Radio O\u00d6<\/em> ]<\/p>\n<p class=\"wpview-selection-before\">\u00d61 Radiogeschichten 21. 10. 2020: Chris Pichler liest ausgew\u00e4hlte Passagen aus dem ersten Teil:<\/p>\n<audio class=\"wp-audio-shortcode\" id=\"audio-1968-3\" preload=\"none\" style=\"width: 100%;\" controls=\"controls\"><source type=\"audio\/mpeg\" src=\"https:\/\/www.gunther-neumann.com\/wp-content\/uploads\/2020\/10\/Radiogeschichten-21.-10.-2020-online-audio-converter.com_.mp3?_=3\" \/><a href=\"https:\/\/www.gunther-neumann.com\/wp-content\/uploads\/2020\/10\/Radiogeschichten-21.-10.-2020-online-audio-converter.com_.mp3\">https:\/\/www.gunther-neumann.com\/wp-content\/uploads\/2020\/10\/Radiogeschichten-21.-10.-2020-online-audio-converter.com_.mp3<\/a><\/audio>\n<p><iframe loading=\"lazy\" title=\"Radiogeschichten &quot;\u00dcber allem und nichts&quot; von Gunther Neumann\" width=\"960\" height=\"540\" src=\"https:\/\/www.youtube.com\/embed\/_vyQ0DvwP0c?feature=oembed\" frameborder=\"0\" allow=\"accelerometer; autoplay; clipboard-write; encrypted-media; gyroscope; picture-in-picture; web-share\" referrerpolicy=\"strict-origin-when-cross-origin\" allowfullscreen><\/iframe><\/p>\n<p><a href=\"https:\/\/oe1.orf.at\/programm\/20201021\/615099\/Ueber-das-Finden-der-richtigen-Flughoehe-im-Leben\">https:\/\/oe1.orf.at\/programm\/20201021\/615099\/Ueber-das-Finden-der-richtigen-Flughoehe-im-Leben<\/a><\/p>\n<p><a href=\"https:\/\/ooe.orf.at\/magazin\/stories\/3051519\/\">https:\/\/ooe.orf.at\/magazin\/stories\/3051519\/<\/a><\/p>\n<p>Mit diesem furiosen und sprachlich ausgefeilten Buch voller intensiver, nahezu magisch aufgeladener Orts- und Landschaftsbeschreibungen vor einem hochaktuellen \u00f6konomischen Hintergrund von prek\u00e4ren, teils ausbeuterischen Arbeitsverh\u00e4ltnissen \u2013 Kehrseite des Billigtourismus \u2013 pr\u00e4sentiert Neumann eine faszinierende Charaktertiefenbohrung einer von Schmerz umgetriebenen und verletzten Gl\u00fcckssucherin &#8230; Dass &#8222;\u00dcber allem und nichts&#8220; sein literarisches Deb\u00fct sein soll, mag man kaum glauben. Respektive sogleich die Maxime aufstellen: das erste Buch erst nach intensiven Welterkundungen &#8230; schreiben! [Quelle: <em>Alexander Kluy, literaturhaus.at<\/em>]<\/p>\n<p>https:\/\/www.literaturhaus-wien.at\/review\/ueber-allem-und-nichts\/<\/p>\n<p><span class=\"rtr-schema-org\">Gunther Neumann<\/span>&#8230; zeigt ab der ersten Seite, was er kann. Sein Romandeb\u00fct ist ein Gl\u00fccksfall f\u00fcr alle, die sich vor der n\u00e4chsten Flugreise schon einstimmen wollen. Aber auch f\u00fcr jene, die das Spiel mit Worten genauso sch\u00e4tzen wie einen sehr direkten Einblick in eine Branche, die im Moment mit so vielen Turbulenzen zu k\u00e4mpfen hat wie die Pilotin Clara.<br \/>[Quelle: <em>Bernhard Praschl, KURIER Freizeit<\/em>]<\/p>\n<p>Die Corona-Krise hat den weltweiten Luftverkehr zum Erliegen gebracht. Trost spendet ein neuer Roman \u00fcber das Fliegen. &#8222;\u00dcber allem und nichts&#8220; erz\u00e4hlt von der Faszination des Unterwegsseins, mit kritischen Untert\u00f6nen&#8230; mit Zitaten von Blaise Pascal: &#8222;Das ganze Ungl\u00fcck des Menschen kommt aus einer einzigen Ursache: nicht in Ruhe allein in ihrem Zimmer bleiben zu k\u00f6nnen&#8220;.<br \/>[Quelle: <em>Wolfgang Paterno, Profil<\/em>] <a href=\"https:\/\/www.gunther-neumann.com\/wp-content\/uploads\/2022\/08\/PROFIL_20200920_SEITE_47.pdf\">PROFIL_20200920_SEITE_47<\/a><\/p>\n<p>Es sind magische Stationen auf Claras Fluchtwegen, doch in die landschaftliche Sch\u00f6nheit haben sich vielerorts Spuren des Elends, Terrors und Krieges gefressen. Der Autor kennt die verminten Idylle dieser Erde nur zu gut und bezieht deren historische wie heutige Dramen ins Romangeschehen ein.<br \/>[Quelle: <em>Ingeborg Waldinger, Wiener Zeitung<\/em>] https:\/\/www.tagblatt-wienerzeitung.at\/nachrichten\/kultur\/literatur\/2059764-Ueber-allem-und-nichts-Gunther-Neumanns-Debuetroman.html\u00a0<a href=\"https:\/\/www.tagblatt-wienerzeitung.at\/nachrichten\/kultur\/literatur\/2059764-Ueber-allem-und-nichts-Gunther-Neumanns-Debuetroman.html\"> https:\/\/www.tagblatt-wienerzeitung.at\/nachrichten\/kultur\/literatur\/2059764-Ueber-allem-und-nichts-Gunther-Neumanns-Debuetroman.html<\/a><\/p>\n<p>Dem auch sprachlich zerhackten, anonymen Flughafenleben, in dem alles flirrt, vieles oft nur angerissen und unausgesprochen bleibt, stehen durchdringende, pr\u00e4zise Beschreibungen von subtropischen Landschaften und Orten sowie warme Begegnungen mit Fremden gegen\u00fcber, mit denen Clara mehr verbindet als mit Familie und Liebhabern.<br \/>[Quelle: <em>Angelika Grabher-Hollenstein, Austria Presse Agentur<\/em>]<\/p>\n<p>Das rastlose Leben einer modernen Nomadin. Gunther Neumann versteht es, das Leben dieser getriebenen Frau aus vor Corona-Zeiten spannend und einf\u00fchlsam zu beschreiben.<br \/>[Quelle: <em>Ruhr Nachrichten<\/em>]<\/p>\n<p>Mit exakter Sprache und treffenden Bildern<br \/>[Quelle: <em>Herbert Schorn, Ober\u00f6sterreichische Nachrichten<\/em>]<\/p>\n<p>Intensiv und packend!<br \/>[Quelle: <em>FRAU VON HEUTE<\/em>]<\/p>\n<p>Dass da tief vergraben etwas Schreckliches in ihr ruht, wird von Anfang an in der Schwebe gehalten. Den Aufstieg der Clara Fink in den Himmel und ihr Trudeln ins Bodenlose vermag Gunther Neumann als ersch\u00fctterndes pers\u00f6nliches Drama zu erz\u00e4hlen. Mit einer kraftvollen, bildstarken, variationsreichen Sprache umkreist Neumann fast manisch die Vergangenheitstraumen&#8230; Im kriegszerr\u00fctteten Sri Lanka steuert Clara nur mehr direkt und ungebremst auf sich selbst zu.<br \/>[Quelle: <em>Senta Wagner, BUCHKULTUR<\/em>]<\/p>\n<p><img decoding=\"async\" loading=\"lazy\" class=\"x1bwycvy x193iq5w x4fas0m x19kjcj4\" src=\"https:\/\/scontent-vie1-1.xx.fbcdn.net\/v\/t1.6435-9\/110491482_10158466007161624_5166682182285150113_n.jpg?_nc_cat=105&amp;ccb=1-7&amp;_nc_sid=127cfc&amp;_nc_ohc=y7REgxbn_QYQ7kNvgF4WZad&amp;_nc_zt=23&amp;_nc_ht=scontent-vie1-1.xx&amp;_nc_gid=ASsXgeidMLdrm96ogmTSVQw&amp;oh=00_AYBnWqrzjM6N6vLab8byUB61Z-0enkD93YRVk5fPnLUmkg&amp;oe=679FD779\" alt=\"No photo description available.\" width=\"355\" height=\"355\" data-visualcompletion=\"media-vc-image\" \/><\/p>\n<p>Kein Fu\u00df am Boden und nur mehr Heimatlosigkeit. Autor Gunther Neumann schl\u00fcpft als Erz\u00e4hler in die Gedankenwelt einer Frau. Sein Erstling h\u00fcpft gleich auf die Shortlist f\u00fcr den \u00d6sterreichischen Buchpreis<br \/>[Quelle: <em>Elisabeth Rathenb\u00f6ck, Kronen Zeitung<\/em>]<\/p>\n<p><span class=\"d2edcug0 hpfvmrgz qv66sw1b c1et5uql rrkovp55 a8c37x1j keod5gw0 nxhoafnm aigsh9s9 d3f4x2em fe6kdd0r mau55g9w c8b282yb iv3no6db jq4qci2q a3bd9o3v knj5qynh oo9gr5id hzawbc8m\" dir=\"auto\"><a href=\"https:\/\/www.gunther-neumann.com\/wp-content\/uploads\/2020\/12\/Buchpreis-Facebookbild.jpg\"><img decoding=\"async\" loading=\"lazy\" class=\"alignleft  wp-image-2255\" src=\"https:\/\/www.gunther-neumann.com\/wp-content\/uploads\/2020\/12\/Buchpreis-Facebookbild.jpg\" alt=\"Buchpreis Facebookbild\" width=\"349\" height=\"349\" srcset=\"https:\/\/www.gunther-neumann.com\/wp-content\/uploads\/2020\/12\/Buchpreis-Facebookbild.jpg 960w, https:\/\/www.gunther-neumann.com\/wp-content\/uploads\/2020\/12\/Buchpreis-Facebookbild-150x150.jpg 150w, https:\/\/www.gunther-neumann.com\/wp-content\/uploads\/2020\/12\/Buchpreis-Facebookbild-300x300.jpg 300w\" sizes=\"(max-width: 349px) 100vw, 349px\" \/><\/a><\/span><\/p>\n<p><span class=\"d2edcug0 hpfvmrgz qv66sw1b c1et5uql rrkovp55 a8c37x1j keod5gw0 nxhoafnm aigsh9s9 d3f4x2em fe6kdd0r mau55g9w c8b282yb iv3no6db jq4qci2q a3bd9o3v knj5qynh oo9gr5id hzawbc8m\" dir=\"auto\">Ein rauschendes und mitrei\u00dfendes Deb\u00fct, in dem sich alles um das Innenleben der Protagonistin dreht: Das Fliegen und Reisen steht \u2013 real und metaphorisch &#8211; im Vordergrund des psychologischen Portr\u00e4ts.<br \/>[Quelle: <em>\u00d6sterr. Buchpreis-Deb\u00fct-Shortlist 2020<\/em>]<\/span><\/p>\n<p>Gunther Neumanns Deb\u00fct beschreibt kenntnisreich und empathisch die Diskrepanz zwischen Verkl\u00e4rung und Realit\u00e4t. [<em>Jury des \u00d6sterreichischen Buchpreises 2020<\/em>]<\/p>\n<p><span class=\"aCOpRe\">Sinnliche, sensible, detailgetreue Schilderungen \u00f6ffnen eine <\/span><span class=\"aCOpRe\">unglaublich Spannung an Wahrnehmungsebenen <\/span><span class=\"aCOpRe\">[Quelle: <\/span><em>Ute W\u00f6dl, <span class=\"aCOpRe\">Leiterin der AK Bibliothek &amp; <\/span>Vorstand der Vereinigung \u00d6sterreichischer Bibliothekarinnen und Bibliothekare<\/em>, bei der Lesung der drei Shortlistkanidat(inn)en f\u00fcr den \u00f6sterr. Buchpreis Deb\u00fct am 22. 10. 2020<span class=\"aCOpRe\">] <a href=\"https:\/\/www.facebook.com\/ak.bibliothek.wien\/videos\/370835187466170\">https:\/\/www.facebook.com\/ak.bibliothek.wien\/videos\/370835187466170<\/a><br \/><\/span><\/p>\n<p>Der Erstlingsroman eines Kosmopoliten. Eine Hauptfigur auf der Suche nach sich selbst und einem Platz in der M\u00e4nnerwelt der Cockpits und Billig-Airlines. Eine Reise \u00fcber den Globus und durch die Seele.<br \/>[Quelle: <em>Barbara Hutter, SALZBURGER NACHRICHTEN<\/em>]<\/p>\n<p>Es ist ein Buch, das den Leser atemlos zur\u00fcckl\u00e4sst: Gunther Neumanns Romandeb\u00fct taucht tief ein in das Innenleben seiner gebrochenen Protagonistin.<br \/>[Quelle: <em>OBER\u00d6STERREICHISCHES VOLKSBLATT<\/em>]<\/p>\n<p>Die Vergessenssucherin stellt sich ihren inneren D\u00e4monen, sexuellem Missbrauch und ihren \u00c4ngsten. Dieses Deb\u00fct wurde von der brisanten Weltlage eingeholt. Es \u00fcberzeugt nicht nur in sprachlicher, sondern auch in psychologischer Hinsicht. Fein gezeichnet, stellt Neumann ein eindr\u00fcckliches Psychogramm seiner weiblichen Haupfigur vor, und begleitet ihren Transformationsprozess mit gro\u00dfer sprachlicher Pr\u00e4zision.<br \/>[Quelle: <em>Imogena Doderer im Adalbert-Stifterhaus\/<\/em>Literaturhaus Ober\u00f6sterreich] Videoaufzeichnung einer Lesung &amp; Diskussion mit Dominik Barta &amp; Gunther Neumann: <a href=\"https:\/\/www.dorftv.at\/video\/34173\">https:\/\/www.dorftv.at\/video\/34173<\/a><\/p>\n<p>Intensiv und atemlos.<br \/>[Quelle: <em>Rheinischer Spiegel<\/em>]<\/p>\n<p>Wie gut er sich als Mann &#8230; in die Gef\u00fchlswelt einer Mittdrei\u00dfigerin einf\u00fchlen kann, ist erstaunlich. Erstaunlich auch die der Schnelligkeit des Lebens der Protagonistin angepasste knappe, stellenweise stakkatohafte Sprache, die sich mit ruhigen Beschreibungen &#8230; abwechselt.<br \/>[Quelle: <em>Maria Fellinger-Hauer, Kirchenzeitung<\/em>]<\/p>\n<p>Gro\u00dfartiges Buch, fazinierend und ber\u00fchrend<br \/>[Quelle: <em>Rebecca Sch\u00f6nleitner, Dorfzeitung<\/em>] <a href=\"https:\/\/dorfzeitung.com\/archive\/74171\">https:\/\/dorfzeitung.com\/archive\/74171<\/a><\/p>\n<p>Gunther Neumann hat einen gro\u00dfartigen Roman geschrieben, der das \u201eUnterwegssein in der gro\u00dfen, weiten Welt\u201c als gef\u00e4hrliche T\u00e4uschung entzaubert. Sehr empfehlenswert.<br \/>[Quelle: <em>Johannes Pre\u00dfl, BIBLIOTHEKSNACHRICHTEN<\/em>]<\/p>\n<p><a href=\"https:\/\/www.bvoe.at\/mediathek\/leselounge_gunther_neumann\">https:\/\/www.bvoe.at\/mediathek\/leselounge_gunther_neumann<\/a><\/p>\n<p><a href=\"https:\/\/www.gunther-neumann.com\/wp-content\/uploads\/2019\/11\/Stanislav-Struhar-zu-\u00dcber-allem-und-nichts-2.jpg\"><img decoding=\"async\" loading=\"lazy\" class=\"alignleft  wp-image-2066\" src=\"https:\/\/www.gunther-neumann.com\/wp-content\/uploads\/2019\/11\/Stanislav-Struhar-zu-\u00dcber-allem-und-nichts-2-882x1024.jpg\" alt=\"Stanislav Struhar zu \u00dcber allem und nichts (2)\" width=\"305\" height=\"353\" srcset=\"https:\/\/www.gunther-neumann.com\/wp-content\/uploads\/2019\/11\/Stanislav-Struhar-zu-\u00dcber-allem-und-nichts-2-882x1024.jpg 882w, https:\/\/www.gunther-neumann.com\/wp-content\/uploads\/2019\/11\/Stanislav-Struhar-zu-\u00dcber-allem-und-nichts-2-258x300.jpg 258w, https:\/\/www.gunther-neumann.com\/wp-content\/uploads\/2019\/11\/Stanislav-Struhar-zu-\u00dcber-allem-und-nichts-2.jpg 1001w\" sizes=\"(max-width: 305px) 100vw, 305px\" \/><\/a>Sein Erz\u00e4hlen ist gleicherma\u00dfen fesselnd wie poetisch, sein stilistisch pr\u00e4zises Werk von zeitgen\u00f6ssischer Relevanz. Ein bestechend sch\u00f6ner Roman voll stiller Nuancen<br \/>[Quelle: <em>Stanislav Struhar, Schriftsteller. Thalia Empfehlung<\/em>]<\/p>\n<p>Empfehlung<br \/>[Quelle: <em>Anzeiger, Fachmagazin der \u00f6sterreichischen Buchbranche<\/em>]<\/p>\n<p>Gunter Neumann erz\u00e4hlt seinen Deb\u00fctroman in bildreicher Sprache, in zunehmend abgehackten, gehetzten S\u00e4tzen, die die innere Verfassung seiner besch\u00e4digten Heldin in ihrem unaufhaltsamen Abw\u00e4rtstrudeln ausdrucksstark widerspiegeln.<br \/>[Quelle: <em>Uschi Licht, ekz<\/em>]<\/p>\n<p>Ein gro\u00dfartiges Deb\u00fct <a href=\"https:\/\/cba.fro.at\/452143\">https:\/\/cba.fro.at\/452143<\/a><br \/>[Quelle: <em>RADIOFABRIK SALZBURG<\/em>]<\/p>\n<p>\u00dcber allem und nichts ist ein gutes Beispiel daf\u00fcr, wie es einem m\u00e4nnlichen Autor gelingt, ein Portr\u00e4t einer starken Frau zu zeichnen. [Quelle: <em>Palomar, B\u00fcchereule<\/em>]<\/p>\n<p>Sequenzen aus Claras Gegenwart in Sri Lanka wechseln sich mit R\u00fcckblenden in ihre Kindheit, Jugend und berufliche Laufbahn ab und gew\u00e4hren mit bildreicher Sprache einen zunehmend tieferen Einblick in ihr Seelenleben. Zu empfehlen.<br \/>[Quelle: <em>Marlene Kn\u00f6rr, Dachverband der Katholischen \u00d6ffentlichen B\u00fcchereien (K\u00d6B) Deutschland<\/em>].<\/p>\n<p>Eine Pilotin und ihr (menschlicher und beruflicher) Werdegang stehen im Mittelpunkt dieses stilistisch ambitionierten Romans, denn er sucht ihre Stimmung immer auch mit Metaphern, Naturvergleichen und im Telegramstil einzufangen.<br \/>[Quelle: <em>Ellen Pomikalko, BUCHMARKT<\/em>]<\/p>\n<p>Sprachlich versiert.<br \/>[Quelle: <em>Christian Pichler, OBER\u00d6STERREICHISCHES VOLKSBLATT<\/em>]<\/p>\n<p>&#8230; beschreibt das rastlose Leben der Mittdrei\u00dfigerin in einer ebensolchen Erz\u00e4hlweise. Dadurch wird der Verlust jeglicher Orientierung beim Lesenden beinahe k\u00f6rperlich sp\u00fcrbar.<br \/>[Quelle: <em>Barbara Jany (Krenmayer), Ober\u00f6sterreichischer Kulturbericht<\/em>]<\/p>\n<p><a href=\"https:\/\/www.bmeia.gv.at\/oesterreich-bibliotheken\/kaffeehaus-feuilleton\/detail\/article\/gunther-neumann-ueber-allem-und-nichts\/\">https:\/\/www.bmeia.gv.at\/oesterreich-bibliotheken\/kaffeehaus-feuilleton\/detail\/article\/gunther-neumann-ueber-allem-und-nichts\/<\/a><\/p>\n<p>Gunther Neumann schafft mit Clara eine authentische Frauenfigur und verzichtet in seiner Erz\u00e4hlung auf bekannte Klischees. Der Autor findet die richtigen Worte, um den Leser:innen das Innenleben seiner Hauptfigur n\u00e4herzubringen. Ein fesselnder Deb\u00fctroman \u00fcber H\u00f6henfl\u00fcge und Abst\u00fcrze. Und \u00fcber die bewegendste und intensivste Reise \u00fcberhaupt \u2013 die zu sich selbst.<br \/>[Quelle: <em>Katharina Zierl, TIROLERIN<\/em>]<\/p>\n<p>&#8230; die spannende Geschichte einer Frau auf der Suche nach sich selbst.[Quelle: <em>Larissa Reisenbauer, Mein Bezirk<\/em>].<\/p>\n<p>Gunther Neumanns Roman hat uns von der ersten Zeile an in Bann gezogen: In einer bilderreichen, dichten Sprache beschreibt er das Leben einer modernen Nomadin \u2013 der Pilotin Clara, die sich in einer M\u00e4nnerwelt durchsetzen und den r\u00fccksichtslosen Arbeitsbedingungen der heutigen Billig-Airlines standhalten muss. Claras Geschichte ist zugleich die intime, behutsam ihren dunklen Kern preisgebende Charakterstudie einer jungen Frau auf der Flucht vor sich selbst &#8230; Kindheitserinnerungen, die Clara in schlaflosen N\u00e4chten heimsuchen, mit einer selten gelesenen Intensit\u00e4t. Ein mutiges, ungew\u00f6hnliches und absolut zeitgen\u00f6ssisches Buch. [Quelle: <em>J. Beer, Residenz Verlag<\/em> <a href=\"https:\/\/www.buchreport.de\/news\/gunther-neumann-ueber-ueber-allem-und-nichts\/\">https:\/\/www.buchreport.de\/news\/gunther-neumann-ueber-ueber-allem-und-nichts\/<\/a>]<\/p>\n<p>In der Protagonistin Clara begegnen wir einer Grenzg\u00e4ngerin: Sie \u00fcberschreitet als Pilotin die Grenzen der menschlichen Physis und als Frau die ihrer eigenen, durch die Gesellschaft und ihre Biografie gepr\u00e4gten, psychischen Verfasstheit. Doch kein Flug ohne Landung und kein Grenzgang ohne R\u00fcckkehr.<br \/>[Quelle: <em>Daniela F\u00fcrst, LITERADIO<\/em>]<\/p>\n<h3><strong>Gespr\u00e4che, Interviews, Lesungen<\/strong><\/h3>\n<p><a href=\"https:\/\/www.gunther-neumann.com\/wp-content\/uploads\/2019\/11\/Vogel-Literadio-Bild.jpg\"><img decoding=\"async\" loading=\"lazy\" class=\"alignleft  wp-image-2006\" src=\"https:\/\/www.gunther-neumann.com\/wp-content\/uploads\/2019\/11\/Vogel-Literadio-Bild.jpg\" alt=\"Vogel Literadio Bild\" width=\"310\" height=\"310\" srcset=\"https:\/\/www.gunther-neumann.com\/wp-content\/uploads\/2019\/11\/Vogel-Literadio-Bild.jpg 526w, https:\/\/www.gunther-neumann.com\/wp-content\/uploads\/2019\/11\/Vogel-Literadio-Bild-150x150.jpg 150w, https:\/\/www.gunther-neumann.com\/wp-content\/uploads\/2019\/11\/Vogel-Literadio-Bild-300x300.jpg 300w\" sizes=\"(max-width: 310px) 100vw, 310px\" \/><\/a><\/p>\n<p>&#8222;<strong>Ich m\u00f6chte meine Probleme nicht in dir gespiegelt sehen. Ich will sie aufgel\u00f6st<\/strong>.&#8220;<\/p>\n<p style=\"text-align: left;\">Gespr\u00e4ch mit Daniela F\u00fcrst \/ <span class=\"aCOpRe\">Literadio<\/span> f\u00fcr die Leipziger Buchmesse, M\u00e4rz 2020. Audio unter:<\/p>\n<p><a href=\"https:\/\/cba.fro.at\/447300\">https:\/\/cba.fro.at\/447300<\/a><\/p>\n<p><a href=\"https:\/\/de.cba.media\/writer\/gunther-neumann\">https:\/\/de.cba.media\/writer\/gunther-neumann<\/a><\/p>\n<p>.<\/p>\n<p>.<\/p>\n<p>.<\/p>\n<p><a href=\"https:\/\/www.gunther-neumann.com\/wp-content\/uploads\/2021\/04\/\u00d61-Facebook-2.png\"><img decoding=\"async\" loading=\"lazy\" class=\"alignleft  wp-image-2318\" src=\"https:\/\/www.gunther-neumann.com\/wp-content\/uploads\/2021\/04\/\u00d61-Facebook-2.png\" alt=\"\u00d61 Facebook 2\" width=\"296\" height=\"296\" srcset=\"https:\/\/www.gunther-neumann.com\/wp-content\/uploads\/2021\/04\/\u00d61-Facebook-2.png 526w, https:\/\/www.gunther-neumann.com\/wp-content\/uploads\/2021\/04\/\u00d61-Facebook-2-150x150.png 150w, https:\/\/www.gunther-neumann.com\/wp-content\/uploads\/2021\/04\/\u00d61-Facebook-2-300x300.png 300w\" sizes=\"(max-width: 296px) 100vw, 296px\" \/><\/a><\/p>\n<p><strong>\u00d61, April 2021 &#8222;Im Gespr\u00e4ch&#8220;<\/strong> mit Andreas Obrecht \u00fcber den Roman &#8222;\u00dcber allem und nichts&#8220;, Sri Lanka, Religion &amp; Gewalt, Feindbilder &amp; Konflikttransformation, Globalisierung, Kultur, Identit\u00e4t, Empathie &amp; Demut:<\/p>\n<audio class=\"wp-audio-shortcode\" id=\"audio-1968-4\" preload=\"none\" style=\"width: 100%;\" controls=\"controls\"><source type=\"audio\/mpeg\" src=\"https:\/\/www.gunther-neumann.com\/wp-content\/uploads\/2021\/05\/IGS-210422-Im-Gespr\u00e4ch-Gunther-Neumann1.mp3?_=4\" \/><a href=\"https:\/\/www.gunther-neumann.com\/wp-content\/uploads\/2021\/05\/IGS-210422-Im-Gespr\u00e4ch-Gunther-Neumann1.mp3\">https:\/\/www.gunther-neumann.com\/wp-content\/uploads\/2021\/05\/IGS-210422-Im-Gespr\u00e4ch-Gunther-Neumann1.mp3<\/a><\/audio>\n<p>https:\/\/oe1.orf.at\/programm\/20210423\/635647\/Die-Buntheit-der-Welt-fasziniert-mich<\/p>\n<p>.<\/p>\n<p>Gespr\u00e4ch mit Walter Pobaschnig \/ Literatur Outdoors &#8211; 5 Fragen an K\u00fcnstlerInnen, November 2020<\/p>\n<h5 class=\"entry-title\"><img decoding=\"async\" loading=\"lazy\" class=\"\" src=\"https:\/\/literaturoutdoors.files.wordpress.com\/2015\/12\/cropped-cropped-unschuldige_113m__gss111.jpg\" alt=\"Literatur outdoors  \u2013 Worte sind Wege\" width=\"299\" height=\"86\" \/>\u00a0 \u201e<strong>Literatur<\/strong> muss unter den Teppich gekehrten <strong>Schrecken aufdecken<\/strong>\u201c<\/h5>\n<p><a href=\"https:\/\/literaturoutdoors.com\/2020\/11\/14\/literatur-und-kunst-dienen-nicht-nur-dem-wohlfuhlen-sie-mussen-unter-die-haut-in-die-tiefe-gehen-gunter-neumann-schriftsteller-_-wien-31-10-2020\/\">https:\/\/literaturoutdoors.com\/2020\/11\/14\/literatur-und-kunst-dienen-nicht-nur-dem-wohlfuhlen-sie-mussen-unter-die-haut-in-die-tiefe-gehen-gunter-neumann-schriftsteller-_-wien-31-10-2020\/ <\/a><\/p>\n<p>.<\/p>\n<p><a href=\"https:\/\/www.gunther-neumann.com\/wp-content\/uploads\/2020\/10\/B\u00fcchereiverband.jpg\"><img decoding=\"async\" loading=\"lazy\" class=\"alignleft  wp-image-2181\" src=\"https:\/\/www.gunther-neumann.com\/wp-content\/uploads\/2020\/10\/B\u00fcchereiverband.jpg\" alt=\"B\u00fcchereiverband\" width=\"312\" height=\"175\" \/><\/a>Gespr\u00e4ch mit G\u00fcnter Kaindlstorfer (Kulturredakteur ORF FS &amp; Oe1) im BV\u00d6 &#8211; B\u00fcchereiverband \u00d6sterreichs, Juni 2020 <a href=\"https:\/\/www.bvoe.at\/mediathek\/leselounge_gunther_neumann\">https:\/\/www.bvoe.at\/mediathek\/leselounge_gunther_neumann<\/a><\/p>\n<p><a href=\"https:\/\/www.youtube.com\/watch?v=xMnXjtPHy9g\">https:\/\/www.youtube.com\/watch?v=xMnXjtPHy9g<\/a><\/p>\n<p>.<\/p>\n<p><a href=\"https:\/\/www.gunther-neumann.com\/wp-content\/uploads\/2020\/11\/20191021_172804.jpg\"><img decoding=\"async\" loading=\"lazy\" class=\"alignleft  wp-image-2215\" src=\"https:\/\/www.gunther-neumann.com\/wp-content\/uploads\/2020\/11\/20191021_172804-1024x768.jpg\" alt=\"20191021_172804\" width=\"309\" height=\"232\" srcset=\"https:\/\/www.gunther-neumann.com\/wp-content\/uploads\/2020\/11\/20191021_172804-1024x768.jpg 1024w, https:\/\/www.gunther-neumann.com\/wp-content\/uploads\/2020\/11\/20191021_172804-300x225.jpg 300w\" sizes=\"(max-width: 309px) 100vw, 309px\" \/><\/a> <a href=\"https:\/\/oe1.orf.at\/programm\/20201021\/615099\/Ueber-das-Finden-der-richtigen-Flughoehe-im-Leben\">https:\/\/oe1.orf.at\/programm\/20201021\/615099\/Ueber-das-Finden-der-richtigen-Flughoehe-im-Leben<\/a><\/p>\n<p><span class=\"aCOpRe\">Clara verf\u00fcgt \u00fcber alle Charakteristika einer erfolgreichen jungen Frau. Zielstrebig&#8230; eine rasante Karriere in einem insgesamt schnellen Leben. Heute noch in Europa, morgen auf der anderen Seite der Erdkugel, Flugmeilen sonder Zahl, lose Bekanntschaften mit anderen Berufsnomaden. Mehrsprachigkeit ist Alltag. Was bislang in Berufs- und Beziehungsdingen g\u00fcltig war, l\u00e4sst sich in der Zukunft f\u00fcr Clara nicht mehr fortschreiben. [Quelle: <\/span><span class=\"aCOpRe\">\u00d61, Daniela Wagner, Judith Raab]<\/span><\/p>\n<p>21. 10. 2020 Chris Pichler liest eine Passage:<\/p>\n<audio class=\"wp-audio-shortcode\" id=\"audio-1968-5\" preload=\"none\" style=\"width: 100%;\" controls=\"controls\"><source type=\"audio\/mpeg\" src=\"https:\/\/www.gunther-neumann.com\/wp-content\/uploads\/2020\/10\/Radiogeschichten-21.-10.-2020-online-audio-converter.com_.mp3?_=5\" \/><a href=\"https:\/\/www.gunther-neumann.com\/wp-content\/uploads\/2020\/10\/Radiogeschichten-21.-10.-2020-online-audio-converter.com_.mp3\">https:\/\/www.gunther-neumann.com\/wp-content\/uploads\/2020\/10\/Radiogeschichten-21.-10.-2020-online-audio-converter.com_.mp3<\/a><\/audio>\n<p>https:\/\/oe1.orf.at\/programm\/20201021\/615099\/Ueber-das-Finden-der-richtigen-Flughoehe-im-Leben<\/p>\n<p><a href=\"https:\/\/ooe.orf.at\/magazin\/stories\/3051519\/\">https:\/\/ooe.orf.at\/magazin\/stories\/3051519\/<\/a><\/p>\n<p>.<\/p>\n<p><a href=\"https:\/\/www.gunther-neumann.com\/wp-content\/uploads\/2020\/10\/Screenshot_2020-10-31-\u00d6B-2020-neumann.png\"><img decoding=\"async\" loading=\"lazy\" class=\"alignleft  wp-image-2199\" src=\"https:\/\/www.gunther-neumann.com\/wp-content\/uploads\/2020\/10\/Screenshot_2020-10-31-\u00d6B-2020-neumann.png\" alt=\"Screenshot_2020-10-31 \u00d6B 2020 neumann\" width=\"314\" height=\"172\" srcset=\"https:\/\/www.gunther-neumann.com\/wp-content\/uploads\/2020\/10\/Screenshot_2020-10-31-\u00d6B-2020-neumann.png 734w, https:\/\/www.gunther-neumann.com\/wp-content\/uploads\/2020\/10\/Screenshot_2020-10-31-\u00d6B-2020-neumann-300x164.png 300w\" sizes=\"(max-width: 314px) 100vw, 314px\" \/><\/a>ORF Clip zum \u00d6sterreichischen Buchpreis &#8211; Deb\u00fct <a href=\"https:\/\/www.facebook.com\/ORF2\/videos\/3265525640212223\/\">https:\/\/www.facebook.com\/ORF2\/videos\/3265525640212223\/<\/a><\/p>\n<p>.<\/p>\n<p>.<\/p>\n<p>.<\/p>\n<p>Besprechung von &amp; Gespr\u00e4ch mit G\u00fcnter Kaindlstorfer, Ex-Libris, ORF \u00d61]:<\/p>\n<audio class=\"wp-audio-shortcode\" id=\"audio-1968-6\" preload=\"none\" style=\"width: 100%;\" controls=\"controls\"><source type=\"audio\/mpeg\" src=\"https:\/\/www.gunther-neumann.com\/wp-content\/uploads\/2019\/11\/Gunther-Neumann-Ex-Libris.mp3?_=6\" \/><a href=\"https:\/\/www.gunther-neumann.com\/wp-content\/uploads\/2019\/11\/Gunther-Neumann-Ex-Libris.mp3\">https:\/\/www.gunther-neumann.com\/wp-content\/uploads\/2019\/11\/Gunther-Neumann-Ex-Libris.mp3<\/a><\/audio>\n<p>.<\/p>\n<p><a href=\"https:\/\/www.gunther-neumann.com\/wp-content\/uploads\/2020\/10\/Screenshot_2020-10-31-Ausnahmegespr\u00e4che-Gunther-Neumann.png\"><img decoding=\"async\" loading=\"lazy\" class=\"alignleft  wp-image-2182\" src=\"https:\/\/www.gunther-neumann.com\/wp-content\/uploads\/2020\/10\/Screenshot_2020-10-31-Ausnahmegespr\u00e4che-Gunther-Neumann.png\" alt=\"Screenshot_2020-10-31 Ausnahmegespr\u00e4che - Gunther Neumann\" width=\"311\" height=\"173\" srcset=\"https:\/\/www.gunther-neumann.com\/wp-content\/uploads\/2020\/10\/Screenshot_2020-10-31-Ausnahmegespr\u00e4che-Gunther-Neumann.png 663w, https:\/\/www.gunther-neumann.com\/wp-content\/uploads\/2020\/10\/Screenshot_2020-10-31-Ausnahmegespr\u00e4che-Gunther-Neumann-300x166.png 300w\" sizes=\"(max-width: 311px) 100vw, 311px\" \/><\/a><\/p>\n<p>&#8222;Ausnahmegespr\u00e4ch&#8220; w\u00e4hrend des &#8222;Corona-lockdown&#8220; April 2020 mit\u00a0Katja Gasser (ORF Kulturredaktion, Leitung Literaturressort) \u00a0<a href=\"https:\/\/www.apa-ots-video.at\/video\/f966f918492a46b4a6f918492a66b406\">https:\/\/www.apa-ots-video.at\/video\/f966f918492a46b4a6f918492a66b406<\/a><\/p>\n<p>.<\/p>\n<p>.<\/p>\n<p>L<a href=\"https:\/\/www.gunther-neumann.com\/wp-content\/uploads\/2020\/10\/34173.jpg\"><img decoding=\"async\" loading=\"lazy\" class=\"alignleft  wp-image-2187\" src=\"https:\/\/www.gunther-neumann.com\/wp-content\/uploads\/2020\/10\/34173.jpg\" alt=\"34173\" width=\"310\" height=\"175\" srcset=\"https:\/\/www.gunther-neumann.com\/wp-content\/uploads\/2020\/10\/34173.jpg 1024w, https:\/\/www.gunther-neumann.com\/wp-content\/uploads\/2020\/10\/34173-300x168.jpg 300w\" sizes=\"(max-width: 310px) 100vw, 310px\" \/><\/a>esung, gemeinsam mit Dominik Barta, und Gespr\u00e4ch mit Imogena Doderer (Stellvertretende Leiterin des Literaturressorts ORF FS) im Adalbert-Stifter-Haus Linz, September 2020 <a href=\"https:\/\/dorftv.at\/video\/34173\">https:\/\/dorftv.at\/video\/34173<\/a><\/p>\n<p>.<\/p>\n<p>.<\/p>\n<p><a href=\"https:\/\/www.gunther-neumann.com\/wp-content\/uploads\/2020\/10\/Screenshot_2020-10-31-Gunther-Neumann-\u00dcber-allem-und-nichts.png\"><img decoding=\"async\" loading=\"lazy\" class=\"alignleft  wp-image-2193\" src=\"https:\/\/www.gunther-neumann.com\/wp-content\/uploads\/2020\/10\/Screenshot_2020-10-31-Gunther-Neumann-\u00dcber-allem-und-nichts.png\" alt=\"Screenshot_2020-10-31 Gunther Neumann \u00dcber allem und nichts\" width=\"307\" height=\"221\" srcset=\"https:\/\/www.gunther-neumann.com\/wp-content\/uploads\/2020\/10\/Screenshot_2020-10-31-Gunther-Neumann-\u00dcber-allem-und-nichts.png 413w, https:\/\/www.gunther-neumann.com\/wp-content\/uploads\/2020\/10\/Screenshot_2020-10-31-Gunther-Neumann-\u00dcber-allem-und-nichts-300x215.png 300w\" sizes=\"(max-width: 307px) 100vw, 307px\" \/><\/a>Lesung aus Anfangspassagen f\u00fcr &#8222;Rund um die Burg&#8220;, Mai 2020 <a href=\"https:\/\/www.youtube.com\/watch?v=8rg_H7-zrc8\">https:\/\/www.youtube.com\/watch?v=8rg_H7-zrc8<\/a><\/p>\n<p>.<\/p>\n<p>.<\/p>\n<p>.<\/p>\n<p><a href=\"https:\/\/www.gunther-neumann.com\/wp-content\/uploads\/2020\/10\/Screenshot_2020-10-31-5-Facebook.png\"><img decoding=\"async\" loading=\"lazy\" class=\"alignleft  wp-image-2196\" src=\"https:\/\/www.gunther-neumann.com\/wp-content\/uploads\/2020\/10\/Screenshot_2020-10-31-5-Facebook.png\" alt=\"Screenshot_2020-10-31 (5) Facebook\" width=\"307\" height=\"176\" srcset=\"https:\/\/www.gunther-neumann.com\/wp-content\/uploads\/2020\/10\/Screenshot_2020-10-31-5-Facebook.png 904w, https:\/\/www.gunther-neumann.com\/wp-content\/uploads\/2020\/10\/Screenshot_2020-10-31-5-Facebook-300x172.png 300w\" sizes=\"(max-width: 307px) 100vw, 307px\" \/><\/a>Lesung der drei f\u00fcr die Shortlist zum \u00d6sterr. Buchpreis &#8211; Deb\u00fct nominierten Kandidat(inn)en (Leander Fischer, Mercedes Spannagel &amp; GN), moderiert von Ute W\u00f6dl \/ AK Wien, am 22. 10. 2020 (Minute 39:00 bis 1:07:00) <a href=\"https:\/\/www.facebook.com\/ak.bibliothek.wien\/live\/\">https:\/\/kultur.arbeiterkammer.at\/projekte\/2020_buchpreis\/ <\/a>bzw.<\/p>\n<p><a href=\"https:\/\/www.facebook.com\/ak.bibliothek.wien\/videos\/vb.134465889960319\/370835187466170\/?type=2&amp;theater\">https:\/\/www.facebook.com\/ak.bibliothek.wien\/videos\/vb.134465889960319\/370835187466170\/?type=2&amp;theater <\/a>(Minute 39:00 bis 1:07:00)<\/p>\n<h3><strong>Lesproben:\u00a0<\/strong><\/h3>\n<p>https:\/\/www.google.at\/books\/edition\/%C3%9Cber_allem_und_nichts\/qfnEDwAAQBAJ?hl=de&#038;gbpv=1&#038;pg=PT5&#038;printsec=frontcover<\/p>\n<p><strong>https:\/\/books.google.at\/books\/about\/%C3%9Cber_allem_und_nichts.html?id=qfnEDwAAQBAJ&amp;redir_esc=y<\/strong><\/p>\n<p>\u00a0<\/p>\n<p>Steckbrief &amp; Interview Gunther Neumann buchreport.de: <a href=\"https:\/\/www.buchreport.de\/news\/gunther-neumann-ueber-ueber-allem-und-nichts\/\">https:\/\/www.buchreport.de\/news\/gunther-neumann-ueber-ueber-allem-und-nichts\/<\/a><\/p>\n<hr \/>\n<p><a href=\"https:\/\/frankfurtrights.com\/Books\/Details\/above-all-and-nothing-18961132\">https:\/\/frankfurtrights.com\/Books\/Details\/above-all-and-nothing-18961132<\/a><\/p>\n<p>\u00a0<\/p>","protected":false},"excerpt":{"rendered":"<p>Residenz Verlag \u00dcber allem und nichts Roman \u00a0 \u00a0Rezensionen Medienstimmen Interviews<\/p>\n","protected":false},"author":1,"featured_media":2255,"comment_status":"closed","ping_status":"open","sticky":true,"template":"","format":"standard","meta":[],"categories":[7],"tags":[],"_links":{"self":[{"href":"https:\/\/www.gunther-neumann.com\/index.php?rest_route=\/wp\/v2\/posts\/1968"}],"collection":[{"href":"https:\/\/www.gunther-neumann.com\/index.php?rest_route=\/wp\/v2\/posts"}],"about":[{"href":"https:\/\/www.gunther-neumann.com\/index.php?rest_route=\/wp\/v2\/types\/post"}],"author":[{"embeddable":true,"href":"https:\/\/www.gunther-neumann.com\/index.php?rest_route=\/wp\/v2\/users\/1"}],"replies":[{"embeddable":true,"href":"https:\/\/www.gunther-neumann.com\/index.php?rest_route=%2Fwp%2Fv2%2Fcomments&post=1968"}],"version-history":[{"count":387,"href":"https:\/\/www.gunther-neumann.com\/index.php?rest_route=\/wp\/v2\/posts\/1968\/revisions"}],"predecessor-version":[{"id":3001,"href":"https:\/\/www.gunther-neumann.com\/index.php?rest_route=\/wp\/v2\/posts\/1968\/revisions\/3001"}],"wp:featuredmedia":[{"embeddable":true,"href":"https:\/\/www.gunther-neumann.com\/index.php?rest_route=\/wp\/v2\/media\/2255"}],"wp:attachment":[{"href":"https:\/\/www.gunther-neumann.com\/index.php?rest_route=%2Fwp%2Fv2%2Fmedia&parent=1968"}],"wp:term":[{"taxonomy":"category","embeddable":true,"href":"https:\/\/www.gunther-neumann.com\/index.php?rest_route=%2Fwp%2Fv2%2Fcategories&post=1968"},{"taxonomy":"post_tag","embeddable":true,"href":"https:\/\/www.gunther-neumann.com\/index.php?rest_route=%2Fwp%2Fv2%2Ftags&post=1968"}],"curies":[{"name":"wp","href":"https:\/\/api.w.org\/{rel}","templated":true}]}}