{"id":66,"date":"2009-07-16T00:00:48","date_gmt":"2009-07-16T00:00:48","guid":{"rendered":"http:\/\/www.gunther-neumann.com\/?p=66"},"modified":"2014-03-01T23:37:07","modified_gmt":"2014-03-01T23:37:07","slug":"madeleine-thien-jene-sehnsucht-nach-gewissheit","status":"publish","type":"post","link":"https:\/\/www.gunther-neumann.com\/?p=66","title":{"rendered":"Madeleine Thien: Jene Sehnsucht nach Gewissheit"},"content":{"rendered":"<p>Der Seidenkokon um eine dunkle Familiengeschichte &#8211; poetisch entwirrt<\/p>\n<h3>Madeleine Thien: Jene Sehnsucht nach Gewissheit<\/h3>\n<p>Juli 2009<\/p>\n<p><!--more--><\/p>\n<h5>Madeleine Thien l\u00f6st den Seidenkokon um eine dunkle Familiengeschichte \u2013 und entwirrt die F\u00e4den der Vergangenheit<\/h5>\n<p>Gail, eine junge Radiojournalistin, versucht, die Wahrheit \u00fcber ihre Familie zu entr\u00e4tseln. Diese stammt, wie jene der Autorin, aus dem vom 2. Weltkrieg verbrannten S\u00fcdostasien. Gails Suche verzweigt sich in die Ver\u00e4stelungen ihrer Herkunft, von Malaya unter japanischer Besatzung \u00fcber die Wirren indonesischer Unabh\u00e4ngigkeitsjahre bis zur fragilen Gegenwart der \u00dcberlebenden in Europa und Amerika. Thien entwirrt das verschlungene Netz heller und dunkler F\u00e4den in R\u00fcckblenden, von den Kautschukplantagen Borneos \u00fcber das Nachkriegsholland bis zur kanadischen Pazifikk\u00fcste heute. Sie erz\u00e4hlt aus unterschiedlichen Perspektiven, vom gewaltsamen Tod des Gro\u00dfvaters, eines Kollaborateurs aus Not; von dem, was zwischen einem Jungen &#8211; Gails schweigsamem Vater &#8211; und seiner Jugendfreundin war; und was ohne die Verheerungen von Krieg und Treubruch an der Liebe eines Lebens h\u00e4tte sein k\u00f6nnen.<\/p>\n<p>Verdr\u00e4ngung ist kein zweifelhaftes mitteleurop\u00e4isches Ph\u00e4nomen. Gerade ostasiatische Kulturen meistern eine Tradition der Sprachverweigerung bei Leid, Schuld, Trauma. Opfer und T\u00e4ter, Geknechtete wie Missbrauchte eines Krieges schweigen; nicht aus pathologischem Vergessen, vielmehr, um seelisch zu \u00fcberleben, um Partner und Kinder zu schonen. Scheinbar intakte Familienh\u00fclsen k\u00f6nnen das Erinnern nicht auf Dauer bergen. Fragen nach der Vergangenheit tauchen unerbittlich auf. Thien bricht die H\u00fclsen nicht gewaltsam auf. Halb gel\u00e4hmte Raupen der Erinnerungen wachsen nicht zu D\u00e4monen, sondern verpuppen sich. Die Autorin l\u00f6st den Kokon behutsam; Einsichten steigen wie Schmetterlinge auf. Und an den entwirrten, seidigen F\u00e4den des Kokons lassen indonesische Kinder bunte Drachen steigen.<\/p>\n<p>Trotz der bilderreichen Ausmalung des weiten Raums oft schmerzlichen Erinnerns meidet Thien gekonnt alle Tretminen von Exotik, Kitsch und Klischee. Und sie spannt die \u00dcberlebenden nicht auf das Prokrustesbett der im Nachkriegseuropa vielstrapazierten, politisch korrekten Vergangenheitsbew\u00e4ltigung. Die Figuren schrumpfen nie zu Tr\u00e4gern der gro\u00dfen Frage: was m\u00fcssen wir von dunkler, oft schuldbeladener Vergangenheit kennen? Was eignen wir uns an, ohne es zu wissen; wie \u00fcberleben wir mit der Ahnung vielleicht schuldiger Gro\u00dfv\u00e4ter, mit schmerzlicher Gewissheit \u00fcber die zerst\u00f6rte Kindheit der Eltern, ihren alten Lieben, Verlust und Trauer. Erst Gail, die Enkelgeneration, kann ohne selbstgerechten Beschuldigungseifer \u00fcber Leid und m\u00f6gliche Untaten res\u00fcmieren; ohne offene Rechnung mit V\u00e4tern; und kann so das Mitgef\u00fchl Verschonter f\u00fcr verirrte Ahnen aufbringen.<\/p>\n<p>Der in 15 Sprachen \u00fcbersetzte Deb\u00fctroman der 34j\u00e4hrigen Kanadierin m\u00e4andert zwischen Orient und Okzident. Thien betreibt dunkle Magie, wirbt der Verlag f\u00fcr den Roman, der dennoch keine schwere Moritat von Schuld, Verdr\u00e4ngung und S\u00fchne ist. Sie beweist, dass intime Leichtigkeit und tiefe Weisheit kein Widerspruch sind. In poetischen Bildern heiterer Melancholie verbindet Thien drei Generationen bei ihrer Suche nach Wahrheit und Vertrauen. Eingestreute philosophische Dialoge \u00fcberladen den Text nicht, sondern st\u00e4rken das fragile Gewebe pers\u00f6nlicher Erinnerungen, machen es tragf\u00e4hig.<\/p>\n<p>Eine mitrei\u00dfende Geschichte vom \u00dcberleben, Erinnern, von Trauer und vom Loslassen.<\/p>\n<p><img decoding=\"async\" loading=\"lazy\" class=\"cover\" alt=\"Cover: Jene Sehnsucht nach Gewissheit\" src=\"http:\/\/www.perlentaucher.de\/grafik\/cover\/6\/30056.jpg\" width=\"111\" height=\"176\" \/><\/p>\n<p>Luchterhand Literaturverlag<br \/>\nISBN 9783630872544<br \/>\n302 Seiten, 19.95 \u20ac<\/p>\n","protected":false},"excerpt":{"rendered":"<p>Der Seidenkokon um eine dunkle Familiengeschichte &#8211; poetisch entwirrt Madeleine Thien: Jene Sehnsucht nach Gewissheit Juli 2009<\/p>\n","protected":false},"author":2,"featured_media":0,"comment_status":"closed","ping_status":"open","sticky":false,"template":"","format":"standard","meta":[],"categories":[2],"tags":[],"_links":{"self":[{"href":"https:\/\/www.gunther-neumann.com\/index.php?rest_route=\/wp\/v2\/posts\/66"}],"collection":[{"href":"https:\/\/www.gunther-neumann.com\/index.php?rest_route=\/wp\/v2\/posts"}],"about":[{"href":"https:\/\/www.gunther-neumann.com\/index.php?rest_route=\/wp\/v2\/types\/post"}],"author":[{"embeddable":true,"href":"https:\/\/www.gunther-neumann.com\/index.php?rest_route=\/wp\/v2\/users\/2"}],"replies":[{"embeddable":true,"href":"https:\/\/www.gunther-neumann.com\/index.php?rest_route=%2Fwp%2Fv2%2Fcomments&post=66"}],"version-history":[{"count":18,"href":"https:\/\/www.gunther-neumann.com\/index.php?rest_route=\/wp\/v2\/posts\/66\/revisions"}],"predecessor-version":[{"id":906,"href":"https:\/\/www.gunther-neumann.com\/index.php?rest_route=\/wp\/v2\/posts\/66\/revisions\/906"}],"wp:attachment":[{"href":"https:\/\/www.gunther-neumann.com\/index.php?rest_route=%2Fwp%2Fv2%2Fmedia&parent=66"}],"wp:term":[{"taxonomy":"category","embeddable":true,"href":"https:\/\/www.gunther-neumann.com\/index.php?rest_route=%2Fwp%2Fv2%2Fcategories&post=66"},{"taxonomy":"post_tag","embeddable":true,"href":"https:\/\/www.gunther-neumann.com\/index.php?rest_route=%2Fwp%2Fv2%2Ftags&post=66"}],"curies":[{"name":"wp","href":"https:\/\/api.w.org\/{rel}","templated":true}]}}